{"id":9346,"date":"2023-02-20T21:16:23","date_gmt":"2023-02-20T20:16:23","guid":{"rendered":"http:\/\/www.touslandartistes.fr\/?p=9346"},"modified":"2023-03-08T16:38:57","modified_gmt":"2023-03-08T15:38:57","slug":"energie-du-printemps-corps-et-emotions","status":"publish","type":"post","link":"http:\/\/www.touslandartistes.fr\/?p=9346","title":{"rendered":"Energie du printemps : corps et \u00e9motions"},"content":{"rendered":"\n<h2 class=\"has-text-align-center has-large-font-size\"><mark style=\"background-color:rgba(0, 0, 0, 0)\" class=\"has-inline-color has-vivid-green-cyan-color\">visioConf\u00e9rence inspirante<\/mark><\/h2>\n\n\n\n<figure class=\"wp-block-image size-large is-resized\"><img decoding=\"async\" src=\"http:\/\/www.touslandartistes.fr\/wp-content\/uploads\/2023\/02\/10-Lydie-HD-1024x683.jpg\" alt=\"\" class=\"wp-image-9347\" width=\"800\" srcset=\"http:\/\/www.touslandartistes.fr\/wp-content\/uploads\/2023\/02\/10-Lydie-HD-1024x683.jpg 1024w, http:\/\/www.touslandartistes.fr\/wp-content\/uploads\/2023\/02\/10-Lydie-HD-300x200.jpg 300w, http:\/\/www.touslandartistes.fr\/wp-content\/uploads\/2023\/02\/10-Lydie-HD-150x100.jpg 150w, http:\/\/www.touslandartistes.fr\/wp-content\/uploads\/2023\/02\/10-Lydie-HD-768x512.jpg 768w, http:\/\/www.touslandartistes.fr\/wp-content\/uploads\/2023\/02\/10-Lydie-HD-1536x1024.jpg 1536w, http:\/\/www.touslandartistes.fr\/wp-content\/uploads\/2023\/02\/10-Lydie-HD-2048x1366.jpg 2048w\" sizes=\"(max-width: 1024px) 100vw, 1024px\" \/><\/figure>\n\n\n\n<p><\/p>\n\n\n\n<p class=\"has-text-align-center\"><strong>Que se passe-t-il au printemps dans le corps humain&nbsp;?<\/strong><\/p>\n\n\n\n<p class=\"has-text-align-center\"><strong>Pourquoi certaines \u00e9motions (col\u00e8re, impatience, culpabilit\u00e9&#8230;) se manifestent avec plus de vigueur en cette p\u00e9riode&nbsp;?<\/strong><\/p>\n\n\n\n<p class=\"has-text-align-center\"><strong>Comment harmoniser le corps et les \u00e9motions&nbsp;?<\/strong><\/p>\n\n\n\n<p class=\"has-medium-font-size\"><strong><em>Dans cette visioConf\u00e9rence je vous livre les th\u00e9ories tao\u00efstes r\u00e9pondant \u00e0 ces questions et quelques conseils et exercices de saison.<\/em><\/strong><\/p>\n\n\n\n<p class=\"has-text-align-center has-large-font-size\"><strong>Conf\u00e9rence gratuite<\/strong><\/p>\n\n\n\n<p class=\"has-text-align-center has-large-font-size\"><strong>sur <a href=\"https:\/\/telegram.org\/?setln=fr\" target=\"_blank\" rel=\"noreferrer noopener\">Telegram<\/a><\/strong><\/p>\n\n\n\n<p class=\"has-text-align-center has-large-font-size\"><mark style=\"background-color:#00d084\" class=\"has-inline-color has-white-color\">&#8211; <strong>Vendredi 03 mars 2023 \u00e0 20h00<\/strong> &#8211;<\/mark><\/p>\n\n\n\n<h2 class=\"has-text-align-center\"><mark style=\"background-color:rgba(0, 0, 0, 0)\" class=\"has-inline-color has-vivid-red-color\">La vid\u00e9o de la conf\u00e9rence en replay gratuit et permanent :<\/mark><\/h2>\n\n\n\n<figure class=\"wp-block-embed is-type-video is-provider-youtube wp-block-embed-youtube wp-embed-aspect-16-9 wp-has-aspect-ratio\"><div class=\"wp-block-embed__wrapper\">\n<iframe loading=\"lazy\" title=\"Le printemps corps et \u00e9motions\" width=\"768\" height=\"432\" src=\"https:\/\/www.youtube.com\/embed\/yz-UDpvI8jw?feature=oembed\" frameborder=\"0\" allow=\"accelerometer; autoplay; clipboard-write; encrypted-media; gyroscope; picture-in-picture; web-share\" allowfullscreen><\/iframe>\n<\/div><\/figure>\n","protected":false},"excerpt":{"rendered":"<p>visioConf\u00e9rence inspirante Que se passe-t-il au printemps dans le corps humain&nbsp;? Pourquoi certaines \u00e9motions (col\u00e8re, impatience, culpabilit\u00e9&#8230;) se manifestent avec plus de vigueur en cette p\u00e9riode&nbsp;? Comment harmoniser le corps et les \u00e9motions&nbsp;? Dans cette visioConf\u00e9rence je vous livre les th\u00e9ories tao\u00efstes r\u00e9pondant \u00e0 ces questions et quelques conseils et exercices de saison. Conf\u00e9rence gratuite [&hellip;]<\/p>\n","protected":false},"author":1,"featured_media":0,"comment_status":"closed","ping_status":"closed","sticky":false,"template":"","format":"standard","meta":[],"categories":[2],"tags":[],"_links":{"self":[{"href":"http:\/\/www.touslandartistes.fr\/index.php?rest_route=\/wp\/v2\/posts\/9346"}],"collection":[{"href":"http:\/\/www.touslandartistes.fr\/index.php?rest_route=\/wp\/v2\/posts"}],"about":[{"href":"http:\/\/www.touslandartistes.fr\/index.php?rest_route=\/wp\/v2\/types\/post"}],"author":[{"embeddable":true,"href":"http:\/\/www.touslandartistes.fr\/index.php?rest_route=\/wp\/v2\/users\/1"}],"replies":[{"embeddable":true,"href":"http:\/\/www.touslandartistes.fr\/index.php?rest_route=%2Fwp%2Fv2%2Fcomments&post=9346"}],"version-history":[{"count":8,"href":"http:\/\/www.touslandartistes.fr\/index.php?rest_route=\/wp\/v2\/posts\/9346\/revisions"}],"predecessor-version":[{"id":9424,"href":"http:\/\/www.touslandartistes.fr\/index.php?rest_route=\/wp\/v2\/posts\/9346\/revisions\/9424"}],"wp:attachment":[{"href":"http:\/\/www.touslandartistes.fr\/index.php?rest_route=%2Fwp%2Fv2%2Fmedia&parent=9346"}],"wp:term":[{"taxonomy":"category","embeddable":true,"href":"http:\/\/www.touslandartistes.fr\/index.php?rest_route=%2Fwp%2Fv2%2Fcategories&post=9346"},{"taxonomy":"post_tag","embeddable":true,"href":"http:\/\/www.touslandartistes.fr\/index.php?rest_route=%2Fwp%2Fv2%2Ftags&post=9346"}],"curies":[{"name":"wp","href":"https:\/\/api.w.org\/{rel}","templated":true}]}}